{"id":12523,"date":"2023-05-05T10:51:14","date_gmt":"2023-05-05T10:51:14","guid":{"rendered":"http:\/\/www.ael.pt\/?p=12523"},"modified":"2023-05-22T10:53:32","modified_gmt":"2023-05-22T10:53:32","slug":"poci-03-3560-fse-000620-adjudicacao-de-reforco","status":"publish","type":"post","link":"https:\/\/www.ael.pt\/en\/poci-03-3560-fse-000620-adjudicacao-de-reforco\/","title":{"rendered":"POCI-03-3560-FSE-000620 &#8211; Adjudica\u00e7\u00e3o de Refor\u00e7o"},"content":{"rendered":"<p>A\u00a0<strong>Laf\u00f5es Business Association<\/strong> procedeu \u00e0 adjudica\u00e7\u00e3o da\u00a0entidade prestadora de servi\u00e7os de consultadoria e forma\u00e7\u00e3o\u00a0<strong>Consult\u00e2mega \u2013 Consultoria e Forma\u00e7\u00e3o, Lda<\/strong>. no \u00e2mbito do Programa Forma\u00e7\u00e3o A\u00e7\u00e3o para PMEs &#8211; QI PME 2020, com o Organismo Interm\u00e9dio:\u00a0CEC \/ CCIC (Conselho Empresarial do Centro &#8211; C\u00e2mara de Com\u00e9rcio e Ind\u00fastria do Centro, no \u00e2mbito do refor\u00e7o do projeto acima mencionado.<\/p>","protected":false},"excerpt":{"rendered":"<p>A\u00a0Associa\u00e7\u00e3o Empresarial de Laf\u00f5es procedeu \u00e0 adjudica\u00e7\u00e3o da\u00a0entidade prestadora de&hellip;<\/p>\n<p> <a class=\"more-link\" href=\"https:\/\/www.ael.pt\/en\/poci-03-3560-fse-000620-adjudicacao-de-reforco\/\">Read more<\/a><\/p>","protected":false},"author":1,"featured_media":12501,"comment_status":"open","ping_status":"open","sticky":false,"template":"","format":"standard","meta":{"_kadence_starter_templates_imported_post":false,"footnotes":""},"categories":[54],"tags":[],"class_list":{"0":"post-12523","1":"post","2":"type-post","3":"status-publish","4":"format-standard","5":"has-post-thumbnail","7":"category-publicitacao-de-atos"},"_links":{"self":[{"href":"https:\/\/www.ael.pt\/en\/wp-json\/wp\/v2\/posts\/12523","targetHints":{"allow":["GET"]}}],"collection":[{"href":"https:\/\/www.ael.pt\/en\/wp-json\/wp\/v2\/posts"}],"about":[{"href":"https:\/\/www.ael.pt\/en\/wp-json\/wp\/v2\/types\/post"}],"author":[{"embeddable":true,"href":"https:\/\/www.ael.pt\/en\/wp-json\/wp\/v2\/users\/1"}],"replies":[{"embeddable":true,"href":"https:\/\/www.ael.pt\/en\/wp-json\/wp\/v2\/comments?post=12523"}],"version-history":[{"count":1,"href":"https:\/\/www.ael.pt\/en\/wp-json\/wp\/v2\/posts\/12523\/revisions"}],"predecessor-version":[{"id":12524,"href":"https:\/\/www.ael.pt\/en\/wp-json\/wp\/v2\/posts\/12523\/revisions\/12524"}],"wp:featuredmedia":[{"embeddable":true,"href":"https:\/\/www.ael.pt\/en\/wp-json\/wp\/v2\/media\/12501"}],"wp:attachment":[{"href":"https:\/\/www.ael.pt\/en\/wp-json\/wp\/v2\/media?parent=12523"}],"wp:term":[{"taxonomy":"category","embeddable":true,"href":"https:\/\/www.ael.pt\/en\/wp-json\/wp\/v2\/categories?post=12523"},{"taxonomy":"post_tag","embeddable":true,"href":"https:\/\/www.ael.pt\/en\/wp-json\/wp\/v2\/tags?post=12523"}],"curies":[{"name":"wp","href":"https:\/\/api.w.org\/{rel}","templated":true}]}}